{"id":2465,"date":"2022-06-09T15:03:53","date_gmt":"2022-06-09T14:03:53","guid":{"rendered":"https:\/\/www.sillasauto.com\/es\/blog\/?p=2465"},"modified":"2022-06-10T08:19:55","modified_gmt":"2022-06-10T07:19:55","slug":"donde-va-mas-seguro-un-nino-en-el-coche","status":"publish","type":"post","link":"https:\/\/www.sillasauto.com\/es\/blog\/donde-va-mas-seguro-un-nino-en-el-coche\/","title":{"rendered":"\u00bfDonde va m\u00e1s seguro un ni\u00f1o en el coche?"},"content":{"rendered":"<h3>\u00bfDonde va m\u00e1s seguro un ni\u00f1o en el coche?<\/h3>\n<h3>\u00bfD\u00f3nde se<a href=\"https:\/\/www.sillasauto.com\/es\/blog\/wp-content\/uploads\/2022\/06\/ASIENTOS-TRASEROS.jpg\"><img decoding=\"async\" loading=\"lazy\" class=\"alignleft wp-image-2472\" src=\"https:\/\/www.sillasauto.com\/es\/blog\/wp-content\/uploads\/2022\/06\/ASIENTOS-TRASEROS.jpg\" alt=\"\" width=\"313\" height=\"257\" srcset=\"https:\/\/www.sillasauto.com\/es\/blog\/wp-content\/uploads\/2022\/06\/ASIENTOS-TRASEROS.jpg 500w, https:\/\/www.sillasauto.com\/es\/blog\/wp-content\/uploads\/2022\/06\/ASIENTOS-TRASEROS-300x246.jpg 300w\" sizes=\"(max-width: 313px) 100vw, 313px\"><\/a>ntar a los ni\u00f1os en el coche?<\/h3>\n<p>Seg\u00fan la normativa vigente actual, los ni\u00f1os deben de viajar en el autom\u00f3vil siempre en los asientos traseros, desde reci\u00e9n nacidos hasta los 135cm de altura.<br \/>\nPero <strong>hay 3 excepciones<\/strong> en las cuales si podremos llevar a los ni\u00f1os en el asiento delantero del copiloto.<\/p>\n<p>1- <em><strong>Cuando el veh\u00edculo no disponga de asientos traseros<\/strong><\/em><\/p>\n<p>2- <em><strong>Cuando los asientos traseros est\u00e1n ocupados con otros menores en las mismas caracter\u00edsticas y condiciones es decir con altura inferior a 135\u00a0 cm y por lo tanto necesitan una silla de coche.<\/strong><\/em><\/p>\n<p>3- <em><strong>Cuando en los asientos traeros no sea posible instalar una silla de coche (SRI) para bebes o ni\u00f1os.<\/strong><\/em><br \/>\nEn el asiento del copiloto siempre que nos veamos obligados a instalar una silla de coche de un bebe a contramarcha debe de estar desactivado el sistema de airbag frontal. (Es fundamental que este airbag este desactivado).<\/p>\n<h3>\u00bfDonde va m\u00e1s seguro un ni\u00f1o en el coche?<\/h3>\n<h3>\u00bfCu\u00e1l es el asiento m\u00e1s seguro en un coche para un ni\u00f1o?<\/h3>\n<p>Como hemos visto la norma obliga a llevar a los en los asientos traseros, entonces llega la duda para los padres. \u00bfQu\u00e9 asiento es el m\u00e1s seguro? De los tres, el del centro, el de detr\u00e1s del conductor o quiz\u00e1s el de detr\u00e1s del acompa\u00f1ante.<\/p>\n<h4>Comenzaremos por el asiento central.<\/h4>\n<p>Este es el asiento que esta m\u00e1s alejado de las puertas y por lo tanto en caso de un impacto frontal es el m\u00e1s seguro, pero en caso de un impacto frontal, puede suceder que cualquier elemento que se encuentre suelto o se desprenda tanto del propio veh\u00edculo como del otro implicado en el siniestro, puede ir directamente contra el ni\u00f1o, ya que no hay nada que se interponga, como si sucede con los laterales, ya que los ocupantes y asientos de las plazas delanteras har\u00edan de escudo.<\/p>\n<h4>Asiento posterior del conductor.<\/h4>\n<p>Seg\u00fan las estad\u00edsticas en un accidente frontal, el mayor numero de lesiones graves y muertes se produce en el lado del copiloto, esto es debido al acto instintivo del conductor, dando un volantuzo en la direcci\u00f3n contrario a donde \u00e9l se encuentra.<\/p>\n<p>Pero hemos de tener en cuenta que cuando circulamos por la v\u00eda publica y vamos a aparcar el coche, en la mayor\u00eda de las ocasiones lo haremos al lado derecho, es decir que a la hora de bajar al ni\u00f1o del coche lo haremos por el lado de la calzada por el cual siguen circulando coches, con el riesgo que esto supone incluso para los padres tambi\u00e9n.<\/p>\n<h4>Asiento posterior del acompa\u00f1ante.<\/h4>\n<p>En este lado es el m\u00e1s tranquilo a la hora de poner y quitar al ni\u00f1o del coche, ya que como hemos dicho el asiento anterior lo hacemos al lado de la acera, adem\u00e1s tambi\u00e9n podremos llegar a atender al ni\u00f1o llevando nuestra mano hacia atr\u00e1s para tocarlo, pero siempre sin desviar la vista de la calzada por supuesto.<\/p>\n<p><img decoding=\"async\" loading=\"lazy\" class=\"\" src=\"https:\/\/www.sillasauto.com\/images\/contenidos\/personalizadas\/20200208123447.jpg\" width=\"248\" height=\"132\" alt=\"\"><\/p>\n<p><strong>\u00bfQu\u00e9 asiento es m\u00e1s seguro para instalar la silla de coche?<\/strong><br \/>\n<strong>\u00bfCu\u00e1l es el asiento m\u00e1s seguro para bebes?<\/strong><br \/>\n<strong>\u00bfCu\u00e1l es el asiento m\u00e1s seguro en un coche para un ni\u00f1o?<\/strong><br \/>\n<strong>\u00bfD\u00f3nde sentar a los ni\u00f1os en el coche?<\/strong><br \/>\nTodas estas preguntas que recibimos habitualmente, tratamos de responderlas en este video que os dejamos a continuaci\u00f3n.<br \/>\n<iframe loading=\"lazy\" title=\"YouTube video player\" src=\"https:\/\/www.youtube.com\/embed\/yTTGqOj57Yg\" width=\"100%\" height=\"315\" frameborder=\"0\" allowfullscreen=\"allowfullscreen\"><\/iframe><\/p>\n<h3>\u00bfDonde va m\u00e1s seguro un ni\u00f1o en el coche?<\/h3>\n<h4>\u00bfTienes m\u00e1s dudas?<\/h4>\n<p>Por favor no dejes de contactar con nosotros, es muy importante llevar a los ni\u00f1os seguros en el coche, y debemos de estar seguros de que lo estamos haciendo bien.<\/p>\n<p>Si tienes que adquirir una silla de coche <a href=\"https:\/\/www.sillasauto.com\/es\/\" target=\"_blank\" rel=\"noopener noreferrer\"><strong>aqu\u00ed puedes verlas todas<\/strong><\/a> y adem\u00e1s te dejamos un <em><strong>c\u00f3digo descuento<\/strong><\/em> para que te ayude a la decisi\u00f3n. <strong>3SILLASAUTO3<\/strong> canj\u00e9alo en la cesta de la compra.<\/p>\n<h3>\u00bfDonde va m\u00e1s seguro un ni\u00f1o en el coche?<\/h3>\n","protected":false},"excerpt":{"rendered":"<p>\u00bfDonde va m\u00e1s seguro un ni\u00f1o en el coche? \u00bfD\u00f3nde sentar a los ni\u00f1os en el coche? Seg\u00fan la normativa vigente actual, los ni\u00f1os deben de viajar en el autom\u00f3vil siempre en los asientos traseros, desde reci\u00e9n nacidos hasta los 135cm de altura. Pero hay 3 excepciones en las cuales si podremos llevar a los [&hellip;]<\/p>\n","protected":false},"author":2,"featured_media":0,"comment_status":"open","ping_status":"closed","sticky":false,"template":"","format":"standard","meta":[],"categories":[115,1],"tags":[149,147,150,146,148,123,130,152,153,154,155],"yoast_head":"<!-- This site is optimized with the Yoast SEO plugin v20.0 - https:\/\/yoast.com\/wordpress\/plugins\/seo\/ -->\n<title>\u00bfDonde va m\u00e1s seguro un ni\u00f1o en el coche? - Sillas Auto<\/title>\n<meta name=\"robots\" content=\"index, follow, max-snippet:-1, max-image-preview:large, max-video-preview:-1\" \/>\n<link rel=\"canonical\" href=\"https:\/\/www.sillasauto.com\/es\/blog\/donde-va-mas-seguro-un-nino-en-el-coche\/\" \/>\n<meta property=\"og:locale\" content=\"es_ES\" \/>\n<meta property=\"og:type\" content=\"article\" \/>\n<meta property=\"og:title\" content=\"\u00bfDonde va m\u00e1s seguro un ni\u00f1o en el coche? - Sillas Auto\" \/>\n<meta property=\"og:description\" content=\"\u00bfDonde va m\u00e1s seguro un ni\u00f1o en el coche? \u00bfD\u00f3nde sentar a los ni\u00f1os en el coche? Seg\u00fan la normativa vigente actual, los ni\u00f1os deben de viajar en el autom\u00f3vil siempre en los asientos traseros, desde reci\u00e9n nacidos hasta los 135cm de altura. Pero hay 3 excepciones en las cuales si podremos llevar a los [&hellip;]\" \/>\n<meta property=\"og:url\" content=\"https:\/\/www.sillasauto.com\/es\/blog\/donde-va-mas-seguro-un-nino-en-el-coche\/\" \/>\n<meta property=\"og:site_name\" content=\"Sillas Auto\" \/>\n<meta property=\"article:published_time\" content=\"2022-06-09T14:03:53+00:00\" \/>\n<meta property=\"article:modified_time\" content=\"2022-06-10T07:19:55+00:00\" \/>\n<meta property=\"og:image\" content=\"https:\/\/www.sillasauto.com\/es\/blog\/wp-content\/uploads\/2022\/06\/ASIENTOS-TRASEROS.jpg\" \/>\n<meta name=\"author\" content=\"Antonio Paul Badel\" \/>\n<meta name=\"twitter:card\" content=\"summary_large_image\" \/>\n<meta name=\"twitter:label1\" content=\"Escrito por\" \/>\n\t<meta name=\"twitter:data1\" content=\"Antonio Paul Badel\" \/>\n\t<meta name=\"twitter:label2\" content=\"Tiempo de lectura\" \/>\n\t<meta name=\"twitter:data2\" content=\"3 minutos\" \/>\n<script type=\"application\/ld+json\" class=\"yoast-schema-graph\">{\"@context\":\"https:\/\/schema.org\",\"@graph\":[{\"@type\":\"WebPage\",\"@id\":\"https:\/\/www.sillasauto.com\/es\/blog\/donde-va-mas-seguro-un-nino-en-el-coche\/\",\"url\":\"https:\/\/www.sillasauto.com\/es\/blog\/donde-va-mas-seguro-un-nino-en-el-coche\/\",\"name\":\"\u00bfDonde va m\u00e1s seguro un ni\u00f1o en el coche? - Sillas Auto\",\"isPartOf\":{\"@id\":\"https:\/\/www.sillasauto.com\/es\/blog\/#website\"},\"datePublished\":\"2022-06-09T14:03:53+00:00\",\"dateModified\":\"2022-06-10T07:19:55+00:00\",\"author\":{\"@id\":\"https:\/\/www.sillasauto.com\/es\/blog\/#\/schema\/person\/0a6c9662adb0aa91dee9a69603765958\"},\"breadcrumb\":{\"@id\":\"https:\/\/www.sillasauto.com\/es\/blog\/donde-va-mas-seguro-un-nino-en-el-coche\/#breadcrumb\"},\"inLanguage\":\"es\",\"potentialAction\":[{\"@type\":\"ReadAction\",\"target\":[\"https:\/\/www.sillasauto.com\/es\/blog\/donde-va-mas-seguro-un-nino-en-el-coche\/\"]}]},{\"@type\":\"BreadcrumbList\",\"@id\":\"https:\/\/www.sillasauto.com\/es\/blog\/donde-va-mas-seguro-un-nino-en-el-coche\/#breadcrumb\",\"itemListElement\":[{\"@type\":\"ListItem\",\"position\":1,\"name\":\"Portada\",\"item\":\"https:\/\/www.sillasauto.com\/es\/blog\/\"},{\"@type\":\"ListItem\",\"position\":2,\"name\":\"\u00bfDonde va m\u00e1s seguro un ni\u00f1o en el coche?\"}]},{\"@type\":\"WebSite\",\"@id\":\"https:\/\/www.sillasauto.com\/es\/blog\/#website\",\"url\":\"https:\/\/www.sillasauto.com\/es\/blog\/\",\"name\":\"Sillas Auto\",\"description\":\"L\u00edderes en seguridad infantil desde 2003\",\"potentialAction\":[{\"@type\":\"SearchAction\",\"target\":{\"@type\":\"EntryPoint\",\"urlTemplate\":\"https:\/\/www.sillasauto.com\/es\/blog\/?s={search_term_string}\"},\"query-input\":\"required name=search_term_string\"}],\"inLanguage\":\"es\"},{\"@type\":\"Person\",\"@id\":\"https:\/\/www.sillasauto.com\/es\/blog\/#\/schema\/person\/0a6c9662adb0aa91dee9a69603765958\",\"name\":\"Antonio Paul Badel\",\"image\":{\"@type\":\"ImageObject\",\"inLanguage\":\"es\",\"@id\":\"https:\/\/www.sillasauto.com\/es\/blog\/#\/schema\/person\/image\/\",\"url\":\"https:\/\/secure.gravatar.com\/avatar\/9582c9579a0e8ed581e676578e8e6e56?s=96&d=mm&r=g\",\"contentUrl\":\"https:\/\/secure.gravatar.com\/avatar\/9582c9579a0e8ed581e676578e8e6e56?s=96&d=mm&r=g\",\"caption\":\"Antonio Paul Badel\"},\"sameAs\":[\"http:\/\/www.linkedin.com\/in\/antonio-paul-badel\"],\"url\":\"https:\/\/www.sillasauto.com\/es\/blog\/author\/antonio-paul-badel\/\"}]}<\/script>\n<!-- \/ Yoast SEO plugin. -->","yoast_head_json":{"title":"\u00bfDonde va m\u00e1s seguro un ni\u00f1o en el coche? - Sillas Auto","robots":{"index":"index","follow":"follow","max-snippet":"max-snippet:-1","max-image-preview":"max-image-preview:large","max-video-preview":"max-video-preview:-1"},"canonical":"https:\/\/www.sillasauto.com\/es\/blog\/donde-va-mas-seguro-un-nino-en-el-coche\/","og_locale":"es_ES","og_type":"article","og_title":"\u00bfDonde va m\u00e1s seguro un ni\u00f1o en el coche? - Sillas Auto","og_description":"\u00bfDonde va m\u00e1s seguro un ni\u00f1o en el coche? \u00bfD\u00f3nde sentar a los ni\u00f1os en el coche? Seg\u00fan la normativa vigente actual, los ni\u00f1os deben de viajar en el autom\u00f3vil siempre en los asientos traseros, desde reci\u00e9n nacidos hasta los 135cm de altura. Pero hay 3 excepciones en las cuales si podremos llevar a los [&hellip;]","og_url":"https:\/\/www.sillasauto.com\/es\/blog\/donde-va-mas-seguro-un-nino-en-el-coche\/","og_site_name":"Sillas Auto","article_published_time":"2022-06-09T14:03:53+00:00","article_modified_time":"2022-06-10T07:19:55+00:00","og_image":[{"url":"https:\/\/www.sillasauto.com\/es\/blog\/wp-content\/uploads\/2022\/06\/ASIENTOS-TRASEROS.jpg"}],"author":"Antonio Paul Badel","twitter_card":"summary_large_image","twitter_misc":{"Escrito por":"Antonio Paul Badel","Tiempo de lectura":"3 minutos"},"schema":{"@context":"https:\/\/schema.org","@graph":[{"@type":"WebPage","@id":"https:\/\/www.sillasauto.com\/es\/blog\/donde-va-mas-seguro-un-nino-en-el-coche\/","url":"https:\/\/www.sillasauto.com\/es\/blog\/donde-va-mas-seguro-un-nino-en-el-coche\/","name":"\u00bfDonde va m\u00e1s seguro un ni\u00f1o en el coche? - Sillas Auto","isPartOf":{"@id":"https:\/\/www.sillasauto.com\/es\/blog\/#website"},"datePublished":"2022-06-09T14:03:53+00:00","dateModified":"2022-06-10T07:19:55+00:00","author":{"@id":"https:\/\/www.sillasauto.com\/es\/blog\/#\/schema\/person\/0a6c9662adb0aa91dee9a69603765958"},"breadcrumb":{"@id":"https:\/\/www.sillasauto.com\/es\/blog\/donde-va-mas-seguro-un-nino-en-el-coche\/#breadcrumb"},"inLanguage":"es","potentialAction":[{"@type":"ReadAction","target":["https:\/\/www.sillasauto.com\/es\/blog\/donde-va-mas-seguro-un-nino-en-el-coche\/"]}]},{"@type":"BreadcrumbList","@id":"https:\/\/www.sillasauto.com\/es\/blog\/donde-va-mas-seguro-un-nino-en-el-coche\/#breadcrumb","itemListElement":[{"@type":"ListItem","position":1,"name":"Portada","item":"https:\/\/www.sillasauto.com\/es\/blog\/"},{"@type":"ListItem","position":2,"name":"\u00bfDonde va m\u00e1s seguro un ni\u00f1o en el coche?"}]},{"@type":"WebSite","@id":"https:\/\/www.sillasauto.com\/es\/blog\/#website","url":"https:\/\/www.sillasauto.com\/es\/blog\/","name":"Sillas Auto","description":"L\u00edderes en seguridad infantil desde 2003","potentialAction":[{"@type":"SearchAction","target":{"@type":"EntryPoint","urlTemplate":"https:\/\/www.sillasauto.com\/es\/blog\/?s={search_term_string}"},"query-input":"required name=search_term_string"}],"inLanguage":"es"},{"@type":"Person","@id":"https:\/\/www.sillasauto.com\/es\/blog\/#\/schema\/person\/0a6c9662adb0aa91dee9a69603765958","name":"Antonio Paul Badel","image":{"@type":"ImageObject","inLanguage":"es","@id":"https:\/\/www.sillasauto.com\/es\/blog\/#\/schema\/person\/image\/","url":"https:\/\/secure.gravatar.com\/avatar\/9582c9579a0e8ed581e676578e8e6e56?s=96&d=mm&r=g","contentUrl":"https:\/\/secure.gravatar.com\/avatar\/9582c9579a0e8ed581e676578e8e6e56?s=96&d=mm&r=g","caption":"Antonio Paul Badel"},"sameAs":["http:\/\/www.linkedin.com\/in\/antonio-paul-badel"],"url":"https:\/\/www.sillasauto.com\/es\/blog\/author\/antonio-paul-badel\/"}]}},"_links":{"self":[{"href":"https:\/\/www.sillasauto.com\/es\/blog\/wp-json\/wp\/v2\/posts\/2465"}],"collection":[{"href":"https:\/\/www.sillasauto.com\/es\/blog\/wp-json\/wp\/v2\/posts"}],"about":[{"href":"https:\/\/www.sillasauto.com\/es\/blog\/wp-json\/wp\/v2\/types\/post"}],"author":[{"embeddable":true,"href":"https:\/\/www.sillasauto.com\/es\/blog\/wp-json\/wp\/v2\/users\/2"}],"replies":[{"embeddable":true,"href":"https:\/\/www.sillasauto.com\/es\/blog\/wp-json\/wp\/v2\/comments?post=2465"}],"version-history":[{"count":17,"href":"https:\/\/www.sillasauto.com\/es\/blog\/wp-json\/wp\/v2\/posts\/2465\/revisions"}],"predecessor-version":[{"id":2483,"href":"https:\/\/www.sillasauto.com\/es\/blog\/wp-json\/wp\/v2\/posts\/2465\/revisions\/2483"}],"wp:attachment":[{"href":"https:\/\/www.sillasauto.com\/es\/blog\/wp-json\/wp\/v2\/media?parent=2465"}],"wp:term":[{"taxonomy":"category","embeddable":true,"href":"https:\/\/www.sillasauto.com\/es\/blog\/wp-json\/wp\/v2\/categories?post=2465"},{"taxonomy":"post_tag","embeddable":true,"href":"https:\/\/www.sillasauto.com\/es\/blog\/wp-json\/wp\/v2\/tags?post=2465"}],"curies":[{"name":"wp","href":"https:\/\/api.w.org\/{rel}","templated":true}]}}