{"id":2434,"date":"2022-05-16T11:20:22","date_gmt":"2022-05-16T10:20:22","guid":{"rendered":"https:\/\/www.sillasauto.com\/es\/blog\/?p=2434"},"modified":"2022-05-25T16:00:44","modified_gmt":"2022-05-25T15:00:44","slug":"silla-estrecha-de-coche-grupo-2-3","status":"publish","type":"post","link":"https:\/\/www.sillasauto.com\/es\/blog\/silla-estrecha-de-coche-grupo-2-3\/","title":{"rendered":"silla estrecha de coche grupo 2-3"},"content":{"rendered":"<h2>silla estrecha de coche grupo 2-3<\/h2>\n<p>C\u00f3digo descuento para comprar una silla de coche de grupo 2-3 estrecha. <b>3SILLASAUTO3\u00a0 <\/b>(Canj\u00e9alo en la cesta de la compra.)<\/p>\n<p>No es muy habitual, pero sucede si llevamos dos ni\u00f1os en el coche de edades similares, que utilizan ambos sillas de grupo 2-3, no suele quedar espacio suficiente en el centro para que pueda ir otro ocupante, pero a veces es necesario incluso <strong>colocar hasta 3 sillas de coche<\/strong>.<\/p>\n<p>Para ello podemos <strong>encontrar varias marcas con modelos<\/strong> que pueden servir tanto porque son estrechas o bien porque podemos configurar la silla de tal manera que demos m\u00e1s espacio hacia el centro del coche, tambi\u00e9n hemos de tener en cuenta el interior del coche, ya que todos no tienen las mismas medidas.<\/p>\n<p>Pensando en estas casu\u00edsticas hay tres primeras marcas a nivel Europeo que disponen de modelos que son externamente estrechos o configurables a la hora de hacer que su respaldo sea de menor anchura externa.<\/p>\n<h3>\u00bfCu\u00e1l es la silla de coche m\u00e1s estrecha del mercado?<\/h3>\n<p>Depende de las dimensiones internas del coche, en el mercado hay varias, pero no siempre unifican dimensiones reducidas con seguridad para los ni\u00f1os en el coche.<br \/>\nEs por ello que nuestras propuestas se basan en ambos conceptos, sillas de coche con medidas contenidas pero eso si siempre externamente unido a una contrastada seguridad, normativa i-Size y tambi\u00e9n materiales que garanticen una longevidad suficiente para el uso necesario.<\/p>\n<h3>\u00bfQu\u00e9 sillas estrechas para coches comprar?<\/h3>\n<p>Silla de coche grupo 2-3 estrecha<\/p>\n<p><a href=\"https:\/\/www.sillasauto.com\/es\/blog\/wp-content\/uploads\/2019\/12\/mako-elite-prime-pale-rose-childseat-recaro-kids.jpg\"><img decoding=\"async\" loading=\"lazy\" class=\"alignleft wp-image-1698\" title=\"Recaro Mako Elite 2\" src=\"https:\/\/www.sillasauto.com\/es\/blog\/wp-content\/uploads\/2019\/12\/mako-elite-prime-pale-rose-childseat-recaro-kids.jpg\" alt=\"\" width=\"119\" height=\"159\" srcset=\"https:\/\/www.sillasauto.com\/es\/blog\/wp-content\/uploads\/2019\/12\/mako-elite-prime-pale-rose-childseat-recaro-kids.jpg 460w, https:\/\/www.sillasauto.com\/es\/blog\/wp-content\/uploads\/2019\/12\/mako-elite-prime-pale-rose-childseat-recaro-kids-225x300.jpg 225w\" sizes=\"(max-width: 119px) 100vw, 119px\"><\/a><\/p>\n<p>&nbsp;<\/p>\n<p><a title=\"Recaro Mako Elite 2\" href=\"https:\/\/www.sillasauto.com\/es\/silla_de_coche_recaro_mako_elite_i_size.php\" target=\"_blank\" rel=\"noopener noreferrer\"><strong>RECARO modelo MAKO 2<\/strong><\/a><br \/>\nEste modelo ha sido bastante efectivo a la hora de poner 3 sillas de coche en una amplia mayor\u00eda de veh\u00edculos hemos logrado su instalaci\u00f3n para 3 ni\u00f1os o 2 sillas laterales y un espacio adecuado para ser utilizado en el centro por un adulto.<\/p>\n<p>&nbsp;<\/p>\n<p>&nbsp;<\/p>\n<p>silla estrecha de coche grupo 2-3<\/p>\n<p><a href=\"https:\/\/www.sillasauto.com\/es\/blog\/wp-content\/uploads\/2020\/09\/KIDFIX-I-SIZE.jpg\"><img decoding=\"async\" loading=\"lazy\" class=\"alignleft wp-image-2252\" title=\"Kidfix i-Size\" src=\"https:\/\/www.sillasauto.com\/es\/blog\/wp-content\/uploads\/2020\/09\/KIDFIX-I-SIZE.jpg\" alt=\"\" width=\"131\" height=\"161\" srcset=\"https:\/\/www.sillasauto.com\/es\/blog\/wp-content\/uploads\/2020\/09\/KIDFIX-I-SIZE.jpg 250w, https:\/\/www.sillasauto.com\/es\/blog\/wp-content\/uploads\/2020\/09\/KIDFIX-I-SIZE-244x300.jpg 244w\" sizes=\"(max-width: 131px) 100vw, 131px\"><\/a><\/p>\n<p>&nbsp;<\/p>\n<p><a title=\"Kidfix i-Size\" href=\"https:\/\/www.sillasauto.com\/es\/silla_de_coche_britax_romer_kidfix_i_size.php\" target=\"_blank\" rel=\"noopener noreferrer\"><strong>BRITAX R\u00d4MER modelo KIDFIX I-SIZE<\/strong><\/a><br \/>\nEs un modelo de silla, que ha conseguido gracias a su amplia experiencia y su tecnolog\u00eda que la silla de coche tenga un respaldo exterior de dimensiones muy reducidas, lo que nos permite colocar en muchos veh\u00edculos hasta 3 sillas de coche, pero sin embargo por el interior acoge de forma perfecta y lo que es m\u00e1s importante segura a su ocupante, gracias a su forma en \u201cV\u201d que tal y como se sube en altura el cabezal, el ni\u00f1o ocupa un espacio m\u00e1s ancho del respaldo de la silla de coche.<\/p>\n<p>&nbsp;<\/p>\n<p>silla estrecha de coche grupo 2-3<\/p>\n<p><a href=\"https:\/\/www.sillasauto.com\/es\/blog\/wp-content\/uploads\/2021\/08\/IZI-FLEX.jpg\"><img decoding=\"async\" loading=\"lazy\" class=\"alignleft wp-image-2214\" title=\"BeSafe iZi Flex fix i-Size\" src=\"https:\/\/www.sillasauto.com\/es\/blog\/wp-content\/uploads\/2021\/08\/IZI-FLEX.jpg\" alt=\"\" width=\"138\" height=\"141\"><\/a><\/p>\n<p><a title=\"iZI Flex Fix i-Size\" href=\"http:\/\/Silla de coche grupo 2 3 estrecha No es muy habitual, pero sucede si llevamos dos ni\u00f1os en el coche de edades similares, que utilizan ambos sillas de grupo 2-3, no suele quedar espacio suficiente en el centro para que pueda ir otro ocupante, pero a veces es necesario incluso colocar hasta 3 sillas de coche. Para ello podemos encontrar varias marcas con modelos que pueden servir tanto porque son estrechas o bien porque podemos configurar la silla de tal manera que demos m\u00e1s espacio hacia el centro del coche, tambi\u00e9n hemos de tener en cuenta el interior del coche, ya que todos no tienen las mismas medidas. Pensando en estas casu\u00edsticas hay tres primeras marcas a nivel Europeo que disponen de modelos que son externamente estrechos o configurables a la hora de hacer que su respaldo sea de menor anchura externa. RECARO modelo MAKO 2 Este modelo ha sido bastante efectivo a la hora de poner 3 sillas de coche en una amplia mayor\u00eda de veh\u00edculos hemos logrado su instalaci\u00f3n para 3 ni\u00f1os o 2 sillas laterales y un espacio adecuado para ser utilizado en el centro por un adulto. BRITAX R\u00d4MER modelo KIDFIX I-SIZE Es un modelo de silla, que ha conseguido gracias a su amplia experiencia y su tecnolog\u00eda que la silla de coche tenga un respaldo exterior de dimensiones muy reducidas, lo que nos permite colocar en muchos veh\u00edculos hasta 3 sillas de coche, pero sin embargo por el interior acoge de forma perfecta y lo que es m\u00e1s importante segura a su ocupante, gracias a su forma en \u201cV\u201d que tal y como se sube en altura el cabezal, el ni\u00f1o ocupa un espacio m\u00e1s ancho del respaldo de la silla de coche. BESAFE modelo iZi Flex Fix i-Size Silla de coche de gran calidad y con soluciones t\u00e9cnicas \u00fanicas en el mercado tanto en seguridad como en comodidad, en este \u00faltimo apartado es una silla ideal, ya que se puede configurar quitando parte de la parte externa de su lateral en la zona del centro del veh\u00edculo y de esta forma conseguimos que pueda ir un adulto o incluso si a las sillas laterales les quitamos esa parte de protecci\u00f3n en la parte que da al centro y la silla del centro le quitamos ambos tendremos muchas posibilidades de poner en nuestro coche 3 sillas de ni\u00f1os que tengan edades parecidas es decir que viajen en sillas de coche de grupo 2-3 Todo esto nos puede servir para que podamos configurar como llevar en el coche diferentes sillas de coche validas para edades o grupos diferentes. Para evitar disgustos es aconsejable probar siempre la configuraci\u00f3n que necesitamos en nuestro coche. \u00bfC\u00f3mo saber qu\u00e9 tipo de silla tienen que usar los ni\u00f1os? Dependiendo de su edad y altura. Para ni\u00f1os reci\u00e9n nacidos deberemos de tener una silla que sirva y est\u00e9 preparada para poder colocar en ella ni\u00f1os desde los 40cm. Para ello lo ideal son todas aquellas que disponen en su nomenclatura el 0, es decir sillas de grupo 0+ o 0-1. Para los ni\u00f1os ya m\u00e1s mayores a partir de 100 0 105cm de altura, esto vendr\u00eda a ser aproximadamente entre 3 a\u00f1os y medio a 4 a\u00f1os de edad, y ya este modelo de silla nos servir\u00eda hasta los 135-150cm de altura aproximadamente 10-12 a\u00f1os de edad, a partir de aqu\u00ed ya no ser\u00eda necesario la utilizaci\u00f3n de una silla de coche para ni\u00f1o. Debemos de tener en cuenta que en este grupo de edad, es obligatorio llevarlos a contramarcha hasta los 15meses, pero obviamente como viajar a contramarcha es hasta 5 veces m\u00e1s seguro, las marcas y nosotros tambi\u00e9n recomendamos el uso hasta a contramarcha hasta los 100-105cm de altura dependiendo la homologaci\u00f3n de la silla de coche. \u00bfQu\u00e9 silla lleva un ni\u00f1o de 5 a\u00f1os? Por la edad debe de llevar una silla de coche para ni\u00f1os de grupo 2-3 es decir un elevador con respaldo y cabezal graduable en altura para que pueda regular el paso del cintur\u00f3n de seguridad del autom\u00f3vil y siempre se ajuste al crecimiento del ni\u00f1o pasando por debajo del cuello y por encima del hombro al igual que a los adultos. \u00bfQu\u00e9 asiento debe usar un ni\u00f1o de 3 a\u00f1os? Siempre que llegue a la altura m\u00ednima de 100cm y este en un peso igual o superior a 15 kg puede ya utilizar un grupo 2-3 hasta los 10-12 a\u00f1os, sobre 135-150cm de altura. \u00bfQu\u00e9 asiento debe usar un ni\u00f1o de 4 a\u00f1os? Casi con toda seguridad un ni\u00f1o de 4 a\u00f1os de edad mide en altura 100cm con lo cual no debe de haber ning\u00fan problema para llevarlo en el coche con una silla de grupo 2-3 hasta los 135-150cm de altura que en edad y peso estar\u00e1 sobre los 10-12 a\u00f1os y 36kg.\" target=\"_blank\" rel=\"noopener noreferrer\"><strong>BESAFE modelo iZi Flex Fix i-Size<\/strong><\/a><br \/>\nSilla de coche de gran calidad y con soluciones t\u00e9cnicas \u00fanicas en el mercado tanto en seguridad como en comodidad, en este \u00faltimo apartado es una silla ideal, ya que se puede configurar quitando parte de la parte externa de su lateral en la zona del centro del veh\u00edculo y de esta forma conseguimos que pueda ir un adulto o incluso si a las sillas laterales les quitamos esa parte de protecci\u00f3n en la parte que da al centro y la silla del centro le quitamos ambos tendremos muchas posibilidades de poner en nuestro coche 3 sillas de ni\u00f1os que tengan edades parecidas es decir que viajen en sillas de coche de grupo 2-3<\/p>\n<p>Todo esto nos puede servir para que podamos configurar como llevar en el coche diferentes sillas de coche validas para edades o grupos diferentes.<br \/>\nPara evitar disgustos es aconsejable probar siempre la configuraci\u00f3n que necesitamos en nuestro coche.<\/p>\n<p>silla estrecha de coche grupo 2-3<\/p>\n<h3>\u00bfC\u00f3mo saber qu\u00e9 tipo de silla tienen que usar los ni\u00f1os?<\/h3>\n<p><strong>Dependiendo de su edad y altura.<\/strong><br \/>\nPara ni\u00f1os reci\u00e9n nacidos deberemos de tener una silla que sirva y est\u00e9 preparada para poder colocar en ella ni\u00f1os desde los 40cm.<br \/>\nPara ello lo ideal son todas aquellas que disponen en su nomenclatura el 0, es decir sillas de grupo 0+ tambien 0-1, 0-1-2 y 0-1-2-3.<br \/>\nPara los ni\u00f1os ya m\u00e1s mayores a partir de 100 &#8211; 105cm de altura, esto vendr\u00eda a ser aproximadamente entre 3 a\u00f1os y medio a 4 a\u00f1os de edad, y este modelo de silla nos servir\u00eda hasta los 135-150cm de altura aproximadamente 10-12 a\u00f1os de edad, a partir de aqu\u00ed ya no ser\u00eda necesario la utilizaci\u00f3n de una silla de coche para ni\u00f1o.<\/p>\n<p>Debemos de tener en cuenta que en este grupo de edad, es obligatorio llevarlos a contramarcha hasta los 15meses, pero obviamente como viajar a contramarcha es hasta 5 veces m\u00e1s seguro, las marcas y nosotros tambi\u00e9n recomendamos el uso a contramarcha hasta los 100-105cm de altura dependiendo la homologaci\u00f3n de la silla de coche.<\/p>\n<h3>\u00bfQu\u00e9 silla lleva un ni\u00f1o de 5 a\u00f1os?<\/h3>\n<p>Por la edad debe de llevar una silla de coche para ni\u00f1os de grupo 2-3 es decir un elevador con respaldo y cabezal graduable en altura para que pueda regular el paso del cintur\u00f3n de seguridad del autom\u00f3vil y siempre se ajuste al crecimiento del ni\u00f1o pasando por debajo del cuello y por encima del hombro al igual que a los adultos.<\/p>\n<h3>\u00bfQu\u00e9 asiento debe usar un ni\u00f1o de 3 a\u00f1os?<\/h3>\n<p>Siempre que llegue a la altura m\u00ednima de 100cm y este en un peso igual o superior a 15 kg puede ya utilizar un grupo 2-3 hasta los 10-12 a\u00f1os, sobre 135-150cm de altura.<\/p>\n<h3>\u00bfQu\u00e9 asiento debe usar un ni\u00f1o de 4 a\u00f1os?<\/h3>\n<p>Casi con toda seguridad un ni\u00f1o de 4 a\u00f1os de edad mide en altura 100cm con lo cual no debe de haber ning\u00fan problema para llevarlo en el coche con una silla de grupo 2-3 hasta los 135-150cm de altura que en edad y peso estar\u00e1 sobre los 10-12 a\u00f1os y 36kg.<\/p>\n<p>Utiliza este descuento para comprar tu silla de coche. <strong>3SILLASAUTO3<\/strong><\/p>\n<p>Canjea en la cesta de la compra el c\u00f3digo 3SILLASAUTO3 y obt\u00e9n tu descuento.<\/p>\n<p>Compatible con los descuentos por sistemas de pago.<\/p>\n<p>Env\u00edos en 24\/48h laborables. Lideres en seguridad infantil desde el a\u00f1o 2003<\/p>\n<p>silla estrecha de coche grupo 2-3<\/p>\n","protected":false},"excerpt":{"rendered":"<p>silla estrecha de coche grupo 2-3 C\u00f3digo descuento para comprar una silla de coche de grupo 2-3 estrecha. 3SILLASAUTO3\u00a0 (Canj\u00e9alo en la cesta de la compra.) No es muy habitual, pero sucede si llevamos dos ni\u00f1os en el coche de edades similares, que utilizan ambos sillas de grupo 2-3, no suele quedar espacio suficiente en [&hellip;]<\/p>\n","protected":false},"author":2,"featured_media":0,"comment_status":"open","ping_status":"closed","sticky":false,"template":"","format":"standard","meta":[],"categories":[1],"tags":[],"yoast_head":"<!-- This site is optimized with the Yoast SEO plugin v20.0 - https:\/\/yoast.com\/wordpress\/plugins\/seo\/ -->\n<title>silla estrecha de coche grupo 2-3 - Sillas Auto<\/title>\n<meta name=\"robots\" content=\"index, follow, max-snippet:-1, max-image-preview:large, max-video-preview:-1\" \/>\n<link rel=\"canonical\" href=\"https:\/\/www.sillasauto.com\/es\/blog\/silla-estrecha-de-coche-grupo-2-3\/\" \/>\n<meta property=\"og:locale\" content=\"es_ES\" \/>\n<meta property=\"og:type\" content=\"article\" \/>\n<meta property=\"og:title\" content=\"silla estrecha de coche grupo 2-3 - Sillas Auto\" \/>\n<meta property=\"og:description\" content=\"silla estrecha de coche grupo 2-3 C\u00f3digo descuento para comprar una silla de coche de grupo 2-3 estrecha. 3SILLASAUTO3\u00a0 (Canj\u00e9alo en la cesta de la compra.) No es muy habitual, pero sucede si llevamos dos ni\u00f1os en el coche de edades similares, que utilizan ambos sillas de grupo 2-3, no suele quedar espacio suficiente en [&hellip;]\" \/>\n<meta property=\"og:url\" content=\"https:\/\/www.sillasauto.com\/es\/blog\/silla-estrecha-de-coche-grupo-2-3\/\" \/>\n<meta property=\"og:site_name\" content=\"Sillas Auto\" \/>\n<meta property=\"article:published_time\" content=\"2022-05-16T10:20:22+00:00\" \/>\n<meta property=\"article:modified_time\" content=\"2022-05-25T15:00:44+00:00\" \/>\n<meta property=\"og:image\" content=\"https:\/\/www.sillasauto.com\/es\/blog\/wp-content\/uploads\/2019\/12\/mako-elite-prime-pale-rose-childseat-recaro-kids.jpg\" \/>\n<meta name=\"author\" content=\"Antonio Paul Badel\" \/>\n<meta name=\"twitter:card\" content=\"summary_large_image\" \/>\n<meta name=\"twitter:label1\" content=\"Escrito por\" \/>\n\t<meta name=\"twitter:data1\" content=\"Antonio Paul Badel\" \/>\n\t<meta name=\"twitter:label2\" content=\"Tiempo de lectura\" \/>\n\t<meta name=\"twitter:data2\" content=\"5 minutos\" \/>\n<script type=\"application\/ld+json\" class=\"yoast-schema-graph\">{\"@context\":\"https:\/\/schema.org\",\"@graph\":[{\"@type\":\"WebPage\",\"@id\":\"https:\/\/www.sillasauto.com\/es\/blog\/silla-estrecha-de-coche-grupo-2-3\/\",\"url\":\"https:\/\/www.sillasauto.com\/es\/blog\/silla-estrecha-de-coche-grupo-2-3\/\",\"name\":\"silla estrecha de coche grupo 2-3 - Sillas Auto\",\"isPartOf\":{\"@id\":\"https:\/\/www.sillasauto.com\/es\/blog\/#website\"},\"datePublished\":\"2022-05-16T10:20:22+00:00\",\"dateModified\":\"2022-05-25T15:00:44+00:00\",\"author\":{\"@id\":\"https:\/\/www.sillasauto.com\/es\/blog\/#\/schema\/person\/0a6c9662adb0aa91dee9a69603765958\"},\"breadcrumb\":{\"@id\":\"https:\/\/www.sillasauto.com\/es\/blog\/silla-estrecha-de-coche-grupo-2-3\/#breadcrumb\"},\"inLanguage\":\"es\",\"potentialAction\":[{\"@type\":\"ReadAction\",\"target\":[\"https:\/\/www.sillasauto.com\/es\/blog\/silla-estrecha-de-coche-grupo-2-3\/\"]}]},{\"@type\":\"BreadcrumbList\",\"@id\":\"https:\/\/www.sillasauto.com\/es\/blog\/silla-estrecha-de-coche-grupo-2-3\/#breadcrumb\",\"itemListElement\":[{\"@type\":\"ListItem\",\"position\":1,\"name\":\"Portada\",\"item\":\"https:\/\/www.sillasauto.com\/es\/blog\/\"},{\"@type\":\"ListItem\",\"position\":2,\"name\":\"silla estrecha de coche grupo 2-3\"}]},{\"@type\":\"WebSite\",\"@id\":\"https:\/\/www.sillasauto.com\/es\/blog\/#website\",\"url\":\"https:\/\/www.sillasauto.com\/es\/blog\/\",\"name\":\"Sillas Auto\",\"description\":\"L\u00edderes en seguridad infantil desde 2003\",\"potentialAction\":[{\"@type\":\"SearchAction\",\"target\":{\"@type\":\"EntryPoint\",\"urlTemplate\":\"https:\/\/www.sillasauto.com\/es\/blog\/?s={search_term_string}\"},\"query-input\":\"required name=search_term_string\"}],\"inLanguage\":\"es\"},{\"@type\":\"Person\",\"@id\":\"https:\/\/www.sillasauto.com\/es\/blog\/#\/schema\/person\/0a6c9662adb0aa91dee9a69603765958\",\"name\":\"Antonio Paul Badel\",\"image\":{\"@type\":\"ImageObject\",\"inLanguage\":\"es\",\"@id\":\"https:\/\/www.sillasauto.com\/es\/blog\/#\/schema\/person\/image\/\",\"url\":\"https:\/\/secure.gravatar.com\/avatar\/9582c9579a0e8ed581e676578e8e6e56?s=96&d=mm&r=g\",\"contentUrl\":\"https:\/\/secure.gravatar.com\/avatar\/9582c9579a0e8ed581e676578e8e6e56?s=96&d=mm&r=g\",\"caption\":\"Antonio Paul Badel\"},\"sameAs\":[\"http:\/\/www.linkedin.com\/in\/antonio-paul-badel\"],\"url\":\"https:\/\/www.sillasauto.com\/es\/blog\/author\/antonio-paul-badel\/\"}]}<\/script>\n<!-- \/ Yoast SEO plugin. -->","yoast_head_json":{"title":"silla estrecha de coche grupo 2-3 - Sillas Auto","robots":{"index":"index","follow":"follow","max-snippet":"max-snippet:-1","max-image-preview":"max-image-preview:large","max-video-preview":"max-video-preview:-1"},"canonical":"https:\/\/www.sillasauto.com\/es\/blog\/silla-estrecha-de-coche-grupo-2-3\/","og_locale":"es_ES","og_type":"article","og_title":"silla estrecha de coche grupo 2-3 - Sillas Auto","og_description":"silla estrecha de coche grupo 2-3 C\u00f3digo descuento para comprar una silla de coche de grupo 2-3 estrecha. 3SILLASAUTO3\u00a0 (Canj\u00e9alo en la cesta de la compra.) No es muy habitual, pero sucede si llevamos dos ni\u00f1os en el coche de edades similares, que utilizan ambos sillas de grupo 2-3, no suele quedar espacio suficiente en [&hellip;]","og_url":"https:\/\/www.sillasauto.com\/es\/blog\/silla-estrecha-de-coche-grupo-2-3\/","og_site_name":"Sillas Auto","article_published_time":"2022-05-16T10:20:22+00:00","article_modified_time":"2022-05-25T15:00:44+00:00","og_image":[{"url":"https:\/\/www.sillasauto.com\/es\/blog\/wp-content\/uploads\/2019\/12\/mako-elite-prime-pale-rose-childseat-recaro-kids.jpg"}],"author":"Antonio Paul Badel","twitter_card":"summary_large_image","twitter_misc":{"Escrito por":"Antonio Paul Badel","Tiempo de lectura":"5 minutos"},"schema":{"@context":"https:\/\/schema.org","@graph":[{"@type":"WebPage","@id":"https:\/\/www.sillasauto.com\/es\/blog\/silla-estrecha-de-coche-grupo-2-3\/","url":"https:\/\/www.sillasauto.com\/es\/blog\/silla-estrecha-de-coche-grupo-2-3\/","name":"silla estrecha de coche grupo 2-3 - Sillas Auto","isPartOf":{"@id":"https:\/\/www.sillasauto.com\/es\/blog\/#website"},"datePublished":"2022-05-16T10:20:22+00:00","dateModified":"2022-05-25T15:00:44+00:00","author":{"@id":"https:\/\/www.sillasauto.com\/es\/blog\/#\/schema\/person\/0a6c9662adb0aa91dee9a69603765958"},"breadcrumb":{"@id":"https:\/\/www.sillasauto.com\/es\/blog\/silla-estrecha-de-coche-grupo-2-3\/#breadcrumb"},"inLanguage":"es","potentialAction":[{"@type":"ReadAction","target":["https:\/\/www.sillasauto.com\/es\/blog\/silla-estrecha-de-coche-grupo-2-3\/"]}]},{"@type":"BreadcrumbList","@id":"https:\/\/www.sillasauto.com\/es\/blog\/silla-estrecha-de-coche-grupo-2-3\/#breadcrumb","itemListElement":[{"@type":"ListItem","position":1,"name":"Portada","item":"https:\/\/www.sillasauto.com\/es\/blog\/"},{"@type":"ListItem","position":2,"name":"silla estrecha de coche grupo 2-3"}]},{"@type":"WebSite","@id":"https:\/\/www.sillasauto.com\/es\/blog\/#website","url":"https:\/\/www.sillasauto.com\/es\/blog\/","name":"Sillas Auto","description":"L\u00edderes en seguridad infantil desde 2003","potentialAction":[{"@type":"SearchAction","target":{"@type":"EntryPoint","urlTemplate":"https:\/\/www.sillasauto.com\/es\/blog\/?s={search_term_string}"},"query-input":"required name=search_term_string"}],"inLanguage":"es"},{"@type":"Person","@id":"https:\/\/www.sillasauto.com\/es\/blog\/#\/schema\/person\/0a6c9662adb0aa91dee9a69603765958","name":"Antonio Paul Badel","image":{"@type":"ImageObject","inLanguage":"es","@id":"https:\/\/www.sillasauto.com\/es\/blog\/#\/schema\/person\/image\/","url":"https:\/\/secure.gravatar.com\/avatar\/9582c9579a0e8ed581e676578e8e6e56?s=96&d=mm&r=g","contentUrl":"https:\/\/secure.gravatar.com\/avatar\/9582c9579a0e8ed581e676578e8e6e56?s=96&d=mm&r=g","caption":"Antonio Paul Badel"},"sameAs":["http:\/\/www.linkedin.com\/in\/antonio-paul-badel"],"url":"https:\/\/www.sillasauto.com\/es\/blog\/author\/antonio-paul-badel\/"}]}},"_links":{"self":[{"href":"https:\/\/www.sillasauto.com\/es\/blog\/wp-json\/wp\/v2\/posts\/2434"}],"collection":[{"href":"https:\/\/www.sillasauto.com\/es\/blog\/wp-json\/wp\/v2\/posts"}],"about":[{"href":"https:\/\/www.sillasauto.com\/es\/blog\/wp-json\/wp\/v2\/types\/post"}],"author":[{"embeddable":true,"href":"https:\/\/www.sillasauto.com\/es\/blog\/wp-json\/wp\/v2\/users\/2"}],"replies":[{"embeddable":true,"href":"https:\/\/www.sillasauto.com\/es\/blog\/wp-json\/wp\/v2\/comments?post=2434"}],"version-history":[{"count":19,"href":"https:\/\/www.sillasauto.com\/es\/blog\/wp-json\/wp\/v2\/posts\/2434\/revisions"}],"predecessor-version":[{"id":2454,"href":"https:\/\/www.sillasauto.com\/es\/blog\/wp-json\/wp\/v2\/posts\/2434\/revisions\/2454"}],"wp:attachment":[{"href":"https:\/\/www.sillasauto.com\/es\/blog\/wp-json\/wp\/v2\/media?parent=2434"}],"wp:term":[{"taxonomy":"category","embeddable":true,"href":"https:\/\/www.sillasauto.com\/es\/blog\/wp-json\/wp\/v2\/categories?post=2434"},{"taxonomy":"post_tag","embeddable":true,"href":"https:\/\/www.sillasauto.com\/es\/blog\/wp-json\/wp\/v2\/tags?post=2434"}],"curies":[{"name":"wp","href":"https:\/\/api.w.org\/{rel}","templated":true}]}}