{"id":1302,"date":"2019-04-03T17:46:01","date_gmt":"2019-04-03T16:46:01","guid":{"rendered":"https:\/\/www.sillasauto.com\/es\/blog\/?p=1302"},"modified":"2021-11-12T09:47:44","modified_gmt":"2021-11-12T08:47:44","slug":"como-elegir-la-silla-correcta-para-mi-hijo","status":"publish","type":"post","link":"https:\/\/www.sillasauto.com\/es\/blog\/como-elegir-la-silla-correcta-para-mi-hijo\/","title":{"rendered":"\u00bfC\u00f3mo elegir la silla correcta para mi hijo?"},"content":{"rendered":"\r\n<p>\u00bfC\u00f3mo elegir la silla correcta para mi hijo? depende de la edad y de la estatura del ni\u00f1o, en las diferentes etapas de crecimiento,\u00a0 desde el nacimiento, necesitara un SRI (Sistema de Retenci\u00f3n Infantil) adaptado a su morfolog\u00eda, pasando por diferentes grupos de sillas de coche para ni\u00f1os hasta que alcance la altura de 135-150cm, que aproximadamente ser\u00e1 entre las edades de 10 a 12 a\u00f1os.<\/p>\r\n\r\n\r\n\r\n<h2>Grupos de sillas para beb\u00e9s y ni\u00f1os<\/h2>\r\n\r\n\r\n\r\n<p>Fundamentalmente las sillas de coche para ni\u00f1os se dividen en grupos y cada uno de ellos corresponde a un periodo que puede variar seg\u00fan la normativa en altura, en peso y en edad.<\/p>\r\n\r\n\r\n\r\n<p>Lo que nos importa aqu\u00ed en este post es encontrar la silla adecuada para nuestros hijos, y para ello tambi\u00e9n debemos de tener en cuenta nuestro veh\u00edculo, primero debemos averiguar si va equipado o no con el sistema de anclaje isofix, dependiendo si dispone de este sistema o no tendremos que optar por un modelo de silla con anclaje isofix o sin \u00e9l, tambi\u00e9n deberemos estar seguros de si nuestro coche est\u00e1 homologado para colocar la silla que nosotros elijamos, para ello tambi\u00e9n existen listas en los modelos de sillas que nos indican si podremos colocarla en nuestro coche.<\/p>\r\n\r\n\r\n\r\n<p>Si vamos a ser padres, necesitaremos una silla para nuestro bebe adecuada desde el nacimiento y para ello podemos elegir entre varias configuraciones, marcas y modelos. El grupo 0+ es una silla espec\u00edfica para ni\u00f1os reci\u00e9n nacidos, que vienen equipadas con un reductor incluso para prematuros, y las instalaremos en el veh\u00edculo en sentido contrario a la marcha con base isofix o con los cinturones del veh\u00edculo hasta los 15 meses, y la gran mayor\u00eda de estas sillas tambi\u00e9n se pueden utilizar en un chasis de paseo. La gran versatilidad de esta silla es precisamente que podemos colocarla en el veh\u00edculo con el ni\u00f1o dentro de la silla, igualmente a la hora de sacarlo del coche.<\/p>\r\n\r\n\r\n\r\n<p>SILLAS G0<\/p>\r\n\r\n\r\n\r\n<figure class=\"wp-block-image is-resized\"><img decoding=\"async\" loading=\"lazy\" class=\"wp-image-1371\" src=\"https:\/\/www.sillasauto.com\/es\/blog\/wp-content\/uploads\/2019\/04\/baby-safe-2.jpg\" alt=\"\" width=\"225\" height=\"225\" srcset=\"https:\/\/www.sillasauto.com\/es\/blog\/wp-content\/uploads\/2019\/04\/baby-safe-2.jpg 500w, https:\/\/www.sillasauto.com\/es\/blog\/wp-content\/uploads\/2019\/04\/baby-safe-2-150x150.jpg 150w, https:\/\/www.sillasauto.com\/es\/blog\/wp-content\/uploads\/2019\/04\/baby-safe-2-300x300.jpg 300w\" sizes=\"(max-width: 225px) 100vw, 225px\">\r\n<figcaption>Silla de coche BRITAX-ROMER BABY SAFE i-SIZE<\/figcaption>\r\n<\/figure>\r\n\r\n\r\n\r\n<p>Silla de coche CYBEX Cloud Z i-Size.<\/p>\r\n\r\n\r\n\r\n<figure class=\"wp-block-image is-resized\"><img decoding=\"async\" loading=\"lazy\" class=\"wp-image-1312\" src=\"https:\/\/www.sillasauto.com\/es\/blog\/wp-content\/uploads\/2019\/04\/CLOUD-Z-PLUS-passion-pink-1024x1024.jpg\" alt=\"\" width=\"175\" height=\"175\" srcset=\"https:\/\/www.sillasauto.com\/es\/blog\/wp-content\/uploads\/2019\/04\/CLOUD-Z-PLUS-passion-pink-1024x1024.jpg 1024w, https:\/\/www.sillasauto.com\/es\/blog\/wp-content\/uploads\/2019\/04\/CLOUD-Z-PLUS-passion-pink-150x150.jpg 150w, https:\/\/www.sillasauto.com\/es\/blog\/wp-content\/uploads\/2019\/04\/CLOUD-Z-PLUS-passion-pink-300x300.jpg 300w, https:\/\/www.sillasauto.com\/es\/blog\/wp-content\/uploads\/2019\/04\/CLOUD-Z-PLUS-passion-pink-768x768.jpg 768w, https:\/\/www.sillasauto.com\/es\/blog\/wp-content\/uploads\/2019\/04\/CLOUD-Z-PLUS-passion-pink-732x732.jpg 732w, https:\/\/www.sillasauto.com\/es\/blog\/wp-content\/uploads\/2019\/04\/CLOUD-Z-PLUS-passion-pink-1140x1140.jpg 1140w, https:\/\/www.sillasauto.com\/es\/blog\/wp-content\/uploads\/2019\/04\/CLOUD-Z-PLUS-passion-pink.jpg 1200w\" sizes=\"(max-width: 175px) 100vw, 175px\">\r\n<figcaption><br \/>Llega el futuro innovador con la silla de coche grupo 0+ Cloud Z i-Size, la primera silla de coche, que junto con la base isofix \u00a0Z gira 90\u00ba<\/figcaption>\r\n<\/figure>\r\n\r\n\r\n\r\n<blockquote class=\"wp-block-quote\">\r\n<p>Portabeb\u00e9s con normativa i-Size y funci\u00f3n de reclinado tanto cuando va en el cochecito de paseo, como para llevarlo en el coche.<\/p>\r\n<\/blockquote>\r\n\r\n\r\n\r\n<p style=\"text-align: left;\">Para los ni\u00f1os reci\u00e9n nacidos, tambi\u00e9n podemos elegir un grupo 0-1, desde el nacimiento en sentido contrario a la marcha y dependiendo de la homologaci\u00f3n: (Ece 44\/04) hasta los 4 a\u00f1os o 18kg y (R129 i-Size) cuya homologaci\u00f3n indica que su utilizaci\u00f3n es por medidas, hasta los 105cm, para ello estas sillas regulan su respaldo a m\u00e1s altura y as\u00ed poder alcanzar este m\u00e1ximo de 105cm.<\/p>\r\n\r\n\r\n\r\n<p>La ventaja de estas sillas reside en que con una silla abarcamos un gran crecimiento del ni\u00f1o. Son sillas que siempre estar\u00e1n instaladas en el veh\u00edculo, pero con la particularidad que la gran mayor\u00eda de ellas giran hacia la puerta para poner y quitar al ni\u00f1o con facilidad, tambi\u00e9n pueden girar 180\u00ba para ponerlas en sentido de la marcha a partir de los 15 meses, excepto aquellas que cumplen con la normativa Plus Test las cuales para cumplir esta normativa, no pueden girar en sentido de la marcha.<\/p>\r\n\r\n\r\n\r\n<h3>\u00bfC\u00f3mo elegir la silla correcta para mi hijo?<\/h3>\r\n\r\n\r\n\r\n<p>SILLAS 0-1<\/p>\r\n\r\n\r\n\r\n<figure class=\"wp-block-image is-resized\"><img decoding=\"async\" loading=\"lazy\" class=\"wp-image-1323\" src=\"https:\/\/www.sillasauto.com\/es\/blog\/wp-content\/uploads\/2019\/04\/DUALFIX-I-SIZE.jpg\" alt=\"\" width=\"180\" height=\"180\" srcset=\"https:\/\/www.sillasauto.com\/es\/blog\/wp-content\/uploads\/2019\/04\/DUALFIX-I-SIZE.jpg 500w, https:\/\/www.sillasauto.com\/es\/blog\/wp-content\/uploads\/2019\/04\/DUALFIX-I-SIZE-150x150.jpg 150w, https:\/\/www.sillasauto.com\/es\/blog\/wp-content\/uploads\/2019\/04\/DUALFIX-I-SIZE-300x300.jpg 300w\" sizes=\"(max-width: 180px) 100vw, 180px\">\r\n<figcaption>Silla de coche BRITAX-ROMER DualFix i-Size<\/figcaption>\r\n<\/figure>\r\n\r\n\r\n\r\n<figure class=\"wp-block-image is-resized\"><img decoding=\"async\" loading=\"lazy\" class=\"wp-image-1326\" src=\"https:\/\/www.sillasauto.com\/es\/blog\/wp-content\/uploads\/2019\/04\/SIRONA-Z.jpg\" alt=\"\" width=\"195\" height=\"195\" srcset=\"https:\/\/www.sillasauto.com\/es\/blog\/wp-content\/uploads\/2019\/04\/SIRONA-Z.jpg 500w, https:\/\/www.sillasauto.com\/es\/blog\/wp-content\/uploads\/2019\/04\/SIRONA-Z-150x150.jpg 150w, https:\/\/www.sillasauto.com\/es\/blog\/wp-content\/uploads\/2019\/04\/SIRONA-Z-300x300.jpg 300w\" sizes=\"(max-width: 195px) 100vw, 195px\">\r\n<figcaption>Silla de coche CYBEX Sirona Z i-Size<\/figcaption>\r\n<\/figure>\r\n\r\n\r\n\r\n<figure class=\"wp-block-image is-resized\"><img decoding=\"async\" loading=\"lazy\" class=\"wp-image-1327\" src=\"https:\/\/www.sillasauto.com\/es\/blog\/wp-content\/uploads\/2019\/04\/ZERO-1.jpg\" alt=\"\" width=\"217\" height=\"217\" srcset=\"https:\/\/www.sillasauto.com\/es\/blog\/wp-content\/uploads\/2019\/04\/ZERO-1.jpg 500w, https:\/\/www.sillasauto.com\/es\/blog\/wp-content\/uploads\/2019\/04\/ZERO-1-150x150.jpg 150w, https:\/\/www.sillasauto.com\/es\/blog\/wp-content\/uploads\/2019\/04\/ZERO-1-300x300.jpg 300w\" sizes=\"(max-width: 217px) 100vw, 217px\">\r\n<figcaption>Silla de coche RECARO Zero.1 i-Size<\/figcaption>\r\n<\/figure>\r\n\r\n\r\n\r\n<figure class=\"wp-block-image is-resized\"><img decoding=\"async\" loading=\"lazy\" class=\"wp-image-1330\" src=\"https:\/\/www.sillasauto.com\/es\/blog\/wp-content\/uploads\/2019\/04\/SWINGFIX.jpg\" alt=\"\" width=\"170\" height=\"170\" srcset=\"https:\/\/www.sillasauto.com\/es\/blog\/wp-content\/uploads\/2019\/04\/SWINGFIX.jpg 500w, https:\/\/www.sillasauto.com\/es\/blog\/wp-content\/uploads\/2019\/04\/SWINGFIX-150x150.jpg 150w, https:\/\/www.sillasauto.com\/es\/blog\/wp-content\/uploads\/2019\/04\/SWINGFIX-300x300.jpg 300w\" sizes=\"(max-width: 170px) 100vw, 170px\">\r\n<figcaption>Silla de coche BRITAX-ROMER SWINGFIX i-Size<\/figcaption>\r\n<\/figure>\r\n\r\n\r\n\r\n<p><strong>SILLAS Grupos 1 y 1-2 en sentido contrario a la marcha.<\/strong><\/p>\r\n\r\n\r\n\r\n<p>En sentido contrario a la marcha existen sillas de los grupos 1 y 1-2.<\/p>\r\n\r\n\r\n\r\n<p>Estos modelos de sillas son adecuados para aquellos papas que disponen de un grupo 0+ y quieren continuar el m\u00e1ximo tiempo posible con la mayor seguridad para sus hijos es decir llevarlos a contramarcha, las sillas del grupo 1-2 hay algunas que incluso est\u00e1n homologadas hasta los 25kg de peso, para edades aproximadas de entre 5 y 6 a\u00f1os. El mayor tiempo posible a contramarcha es hasta 5 veces m\u00e1s seguro.<\/p>\r\n\r\n\r\n\r\n<figure class=\"wp-block-image is-resized\"><img decoding=\"async\" loading=\"lazy\" class=\"wp-image-1334\" src=\"https:\/\/www.sillasauto.com\/es\/blog\/wp-content\/uploads\/2019\/04\/SWINGFIX-1.jpg\" alt=\"\" width=\"175\" height=\"175\" srcset=\"https:\/\/www.sillasauto.com\/es\/blog\/wp-content\/uploads\/2019\/04\/SWINGFIX-1.jpg 500w, https:\/\/www.sillasauto.com\/es\/blog\/wp-content\/uploads\/2019\/04\/SWINGFIX-1-150x150.jpg 150w, https:\/\/www.sillasauto.com\/es\/blog\/wp-content\/uploads\/2019\/04\/SWINGFIX-1-300x300.jpg 300w\" sizes=\"(max-width: 175px) 100vw, 175px\">\r\n<figcaption>Silla de coche BRITAX-ROMER DualFix M i-Size GR.1<\/figcaption>\r\n<\/figure>\r\n\r\n\r\n\r\n<figure class=\"wp-block-image is-resized\"><img decoding=\"async\" loading=\"lazy\" class=\"wp-image-1340\" src=\"https:\/\/www.sillasauto.com\/es\/blog\/wp-content\/uploads\/2019\/04\/MINIKID.2.0-1.jpg\" alt=\"\" width=\"191\" height=\"191\" srcset=\"https:\/\/www.sillasauto.com\/es\/blog\/wp-content\/uploads\/2019\/04\/MINIKID.2.0-1.jpg 500w, https:\/\/www.sillasauto.com\/es\/blog\/wp-content\/uploads\/2019\/04\/MINIKID.2.0-1-150x150.jpg 150w, https:\/\/www.sillasauto.com\/es\/blog\/wp-content\/uploads\/2019\/04\/MINIKID.2.0-1-300x300.jpg 300w\" sizes=\"(max-width: 191px) 100vw, 191px\">\r\n<figcaption>Silla de coche AXKID Minikid 2.0 Gr 1-2<\/figcaption>\r\n<\/figure>\r\n\r\n\r\n\r\n<figure class=\"wp-block-image is-resized\"><img decoding=\"async\" loading=\"lazy\" class=\"wp-image-1342\" src=\"https:\/\/www.sillasauto.com\/es\/blog\/wp-content\/uploads\/2019\/04\/MAX-WAY-PLUS.jpg\" alt=\"\" width=\"172\" height=\"172\" srcset=\"https:\/\/www.sillasauto.com\/es\/blog\/wp-content\/uploads\/2019\/04\/MAX-WAY-PLUS.jpg 499w, https:\/\/www.sillasauto.com\/es\/blog\/wp-content\/uploads\/2019\/04\/MAX-WAY-PLUS-150x150.jpg 150w, https:\/\/www.sillasauto.com\/es\/blog\/wp-content\/uploads\/2019\/04\/MAX-WAY-PLUS-300x300.jpg 300w\" sizes=\"(max-width: 172px) 100vw, 172px\">\r\n<figcaption>Silla de coche BRITAX-ROMER Max-Way Plus Gr 1-2<\/figcaption>\r\n<\/figure>\r\n\r\n\r\n\r\n<p><strong>\u00bfC\u00f3mo elegir la silla correcta para mi hijo?<\/strong><\/p>\r\n\r\n\r\n\r\n<p>Para los ni\u00f1os m\u00e1s mayores a partir c\u00f3mo m\u00ednimo 3 a\u00f1os y dependiendo del modelo de silla y una altura tambi\u00e9n m\u00ednima de 98cm. Este tipo de sillas pertenecen al grupo 2-3 y son elevadores con respaldo cuya funci\u00f3n es elevar al ni\u00f1o y juntamente con el regulador de altura del cintur\u00f3n (que llevan incluidas las sillas del grupo 2-3) adecuar el paso del cintur\u00f3n del coche por el hombro del ni\u00f1o, (nunca debe pasar el cintur\u00f3n del veh\u00edculo por el cuello del ni\u00f1o). El respaldo sirve para dar comodidad ya que ayuda a mantener en la posici\u00f3n apropiada y m\u00e1s c\u00f3moda posible al ni\u00f1o, y en seguridad ya que ayuda a protege en impactos laterales.<\/p>\r\n\r\n\r\n\r\n<p>Las sillas de grupo 2-3 siempre ir\u00e1n en sentido de la marcha, hay modelos que vienen equipadas con sistema de anclaje isofix, estas sillas de coche se pueden colocar igualmente en veh\u00edculos sin isofix, ya que es retr\u00e1ctil.<\/p>\r\n\r\n\r\n\r\n<p>Sillas de grupo 2-3 con la elevaci\u00f3n del respaldo en posiciones se van adecuando al crecimiento en altura del ni\u00f1o.<\/p>\r\n\r\n\r\n\r\n<p>SILLAS DE COCHE GRUPO 2-3<\/p>\r\n\r\n\r\n\r\n<figure class=\"wp-block-image is-resized\"><img decoding=\"async\" loading=\"lazy\" class=\"wp-image-1347\" src=\"https:\/\/www.sillasauto.com\/es\/blog\/wp-content\/uploads\/2019\/04\/kidfix-iii-m.jpg\" alt=\"\" width=\"175\" height=\"175\" srcset=\"https:\/\/www.sillasauto.com\/es\/blog\/wp-content\/uploads\/2019\/04\/kidfix-iii-m.jpg 500w, https:\/\/www.sillasauto.com\/es\/blog\/wp-content\/uploads\/2019\/04\/kidfix-iii-m-150x150.jpg 150w, https:\/\/www.sillasauto.com\/es\/blog\/wp-content\/uploads\/2019\/04\/kidfix-iii-m-300x300.jpg 300w\" sizes=\"(max-width: 175px) 100vw, 175px\">\r\n<figcaption>Silla de coche BRITAX-ROMER Kidfix III M<\/figcaption>\r\n<\/figure>\r\n\r\n\r\n\r\n<figure class=\"wp-block-image is-resized\"><img decoding=\"async\" loading=\"lazy\" class=\"wp-image-1349\" src=\"https:\/\/www.sillasauto.com\/es\/blog\/wp-content\/uploads\/2019\/04\/SOLUTION-Z-FIX.jpg\" alt=\"\" width=\"183\" height=\"183\" srcset=\"https:\/\/www.sillasauto.com\/es\/blog\/wp-content\/uploads\/2019\/04\/SOLUTION-Z-FIX.jpg 500w, https:\/\/www.sillasauto.com\/es\/blog\/wp-content\/uploads\/2019\/04\/SOLUTION-Z-FIX-150x150.jpg 150w, https:\/\/www.sillasauto.com\/es\/blog\/wp-content\/uploads\/2019\/04\/SOLUTION-Z-FIX-300x300.jpg 300w\" sizes=\"(max-width: 183px) 100vw, 183px\">\r\n<figcaption>Silla de coche CYBEX Solution Z Fix<\/figcaption>\r\n<\/figure>\r\n\r\n\r\n\r\n<figure class=\"wp-block-image is-resized\"><img decoding=\"async\" loading=\"lazy\" class=\"wp-image-1351\" src=\"https:\/\/www.sillasauto.com\/es\/blog\/wp-content\/uploads\/2019\/04\/RECARO-MONZA-NOVA-EVO-2-sin-isofix-Black.jpg\" alt=\"\" width=\"164\" height=\"164\" srcset=\"https:\/\/www.sillasauto.com\/es\/blog\/wp-content\/uploads\/2019\/04\/RECARO-MONZA-NOVA-EVO-2-sin-isofix-Black.jpg 750w, https:\/\/www.sillasauto.com\/es\/blog\/wp-content\/uploads\/2019\/04\/RECARO-MONZA-NOVA-EVO-2-sin-isofix-Black-150x150.jpg 150w, https:\/\/www.sillasauto.com\/es\/blog\/wp-content\/uploads\/2019\/04\/RECARO-MONZA-NOVA-EVO-2-sin-isofix-Black-300x300.jpg 300w, https:\/\/www.sillasauto.com\/es\/blog\/wp-content\/uploads\/2019\/04\/RECARO-MONZA-NOVA-EVO-2-sin-isofix-Black-732x732.jpg 732w\" sizes=\"(max-width: 164px) 100vw, 164px\">\r\n<figcaption>Silla de coche RECARO Monza Nova 2<\/figcaption>\r\n<\/figure>\r\n\r\n\r\n\r\n<figure class=\"wp-block-image is-resized\"><img decoding=\"async\" loading=\"lazy\" class=\"wp-image-1357\" src=\"https:\/\/www.sillasauto.com\/es\/blog\/wp-content\/uploads\/2019\/04\/KIDFIX-2-S.jpg\" alt=\"\" width=\"163\" height=\"163\" srcset=\"https:\/\/www.sillasauto.com\/es\/blog\/wp-content\/uploads\/2019\/04\/KIDFIX-2-S.jpg 500w, https:\/\/www.sillasauto.com\/es\/blog\/wp-content\/uploads\/2019\/04\/KIDFIX-2-S-150x150.jpg 150w, https:\/\/www.sillasauto.com\/es\/blog\/wp-content\/uploads\/2019\/04\/KIDFIX-2-S-300x300.jpg 300w\" sizes=\"(max-width: 163px) 100vw, 163px\">\r\n<figcaption>Silla de coche BRITAX-ROMER Kidfix 2 S<\/figcaption>\r\n<\/figure>\r\n\r\n\r\n\r\n<p>Pero tambi\u00e9n existen sillas multigrupo, este tipo de sillas son las que se adecuan a varias etapas de crecimiento del ni\u00f1o (Gr 1-2-3, Gr 1-2, Gr 0-1-2-3) estos modelos de sillas la gran ventaja que tienen es que con una sola silla abarcamos m\u00e1s etapas de crecimiento y evitamos el tener que guardar sillas de coche en casa, y su desventaja es que al tener que adecuarse a largas etapas de crecimiento de los ni\u00f1os, no se adecuan tan a la perfecci\u00f3n a cada una de ellas, algunas son buenas en un grupo y no tanto en otro o al rev\u00e9s.<\/p>\r\n\r\n\r\n\r\n<p>Existen diversos sistemas, con coj\u00edn ventral y con arneses de 5 puntos. Ambos pueden equipar o no el sistema de anclaje isofix.<\/p>\r\n\r\n\r\n\r\n<p>Sillas que equipan coj\u00edn ventral de grupo 2-3 que al incluir el coj\u00edn se convierten en sillas de grupo 1, mientras que las que son con arneses mientras es grupo 1 el ni\u00f1o ira sujeto con ellos y posteriormente cuando crece y pasa al grupo 2-3 deberemos de extraerlos de la silla para colocar al ni\u00f1o en el coche con el cintur\u00f3n del veh\u00edculo de tres puntos.<\/p>\r\n\r\n\r\n\r\n<p><strong>\u00bfC\u00f3mo elegir la silla correcta para mi hijo?<\/strong><\/p>\r\n\r\n\r\n\r\n<p>SILLAS DE COCHE GRUPO 1-2-3<\/p>\r\n\r\n\r\n\r\n<figure class=\"wp-block-image is-resized\"><img decoding=\"async\" loading=\"lazy\" class=\"wp-image-1362\" src=\"https:\/\/www.sillasauto.com\/es\/blog\/wp-content\/uploads\/2019\/04\/ADVANSAFIX-IV-R.jpg\" alt=\"\" width=\"172\" height=\"172\" srcset=\"https:\/\/www.sillasauto.com\/es\/blog\/wp-content\/uploads\/2019\/04\/ADVANSAFIX-IV-R.jpg 500w, https:\/\/www.sillasauto.com\/es\/blog\/wp-content\/uploads\/2019\/04\/ADVANSAFIX-IV-R-150x150.jpg 150w, https:\/\/www.sillasauto.com\/es\/blog\/wp-content\/uploads\/2019\/04\/ADVANSAFIX-IV-R-300x300.jpg 300w\" sizes=\"(max-width: 172px) 100vw, 172px\">\r\n<figcaption>Silla de coche BRITAX- ROMER ADVANSAFIX IV R<\/figcaption>\r\n<\/figure>\r\n\r\n\r\n\r\n<figure class=\"wp-block-image is-resized\"><img decoding=\"async\" loading=\"lazy\" class=\"wp-image-1363\" src=\"https:\/\/www.sillasauto.com\/es\/blog\/wp-content\/uploads\/2019\/04\/PALLAS.jpg\" alt=\"\" width=\"182\" height=\"182\" srcset=\"https:\/\/www.sillasauto.com\/es\/blog\/wp-content\/uploads\/2019\/04\/PALLAS.jpg 500w, https:\/\/www.sillasauto.com\/es\/blog\/wp-content\/uploads\/2019\/04\/PALLAS-150x150.jpg 150w, https:\/\/www.sillasauto.com\/es\/blog\/wp-content\/uploads\/2019\/04\/PALLAS-300x300.jpg 300w\" sizes=\"(max-width: 182px) 100vw, 182px\">\r\n<figcaption>Silla de coche CYBEX PALLAS S Fix<\/figcaption>\r\n<\/figure>\r\n\r\n\r\n\r\n<figure class=\"wp-block-image is-resized\"><img decoding=\"async\" loading=\"lazy\" class=\"wp-image-1364\" src=\"https:\/\/www.sillasauto.com\/es\/blog\/wp-content\/uploads\/2019\/04\/YOUNG-SPORT.jpg\" alt=\"\" width=\"162\" height=\"162\" srcset=\"https:\/\/www.sillasauto.com\/es\/blog\/wp-content\/uploads\/2019\/04\/YOUNG-SPORT.jpg 500w, https:\/\/www.sillasauto.com\/es\/blog\/wp-content\/uploads\/2019\/04\/YOUNG-SPORT-150x150.jpg 150w, https:\/\/www.sillasauto.com\/es\/blog\/wp-content\/uploads\/2019\/04\/YOUNG-SPORT-300x300.jpg 300w\" sizes=\"(max-width: 162px) 100vw, 162px\">\r\n<figcaption>Silla de coche RECARO YOUNG SPORT Hero<\/figcaption>\r\n<\/figure>\r\n\r\n\r\n\r\n<p>&nbsp;<\/p>\r\n\r\n\r\n\r\n<figure class=\"wp-block-image\"><img alt=\"\" \/><\/figure>\r\n","protected":false},"excerpt":{"rendered":"<p>\u00bfC\u00f3mo elegir la silla correcta para mi hijo? depende de la edad y de la estatura del ni\u00f1o, en las diferentes etapas de crecimiento,\u00a0 desde el nacimiento, necesitara un SRI (Sistema de Retenci\u00f3n Infantil) adaptado a su morfolog\u00eda, pasando por diferentes grupos de sillas de coche para ni\u00f1os hasta que alcance la altura de 135-150cm, [&hellip;]<\/p>\n","protected":false},"author":1,"featured_media":0,"comment_status":"open","ping_status":"closed","sticky":false,"template":"","format":"standard","meta":[],"categories":[114],"tags":[],"yoast_head":"<!-- This site is optimized with the Yoast SEO plugin v20.0 - https:\/\/yoast.com\/wordpress\/plugins\/seo\/ -->\n<title>\u00bfC\u00f3mo elegir la silla correcta para mi hijo? - Sillas Auto<\/title>\n<meta name=\"description\" content=\"Segun la edad y la estatura del ni\u00f1o en las diferentes etapas de crecimiento desde el nacimiento pasando por diferentes grupos de sillas hasta 10-12 a\u00f1os.\" \/>\n<meta name=\"robots\" content=\"index, follow, max-snippet:-1, max-image-preview:large, max-video-preview:-1\" \/>\n<link rel=\"canonical\" href=\"https:\/\/www.sillasauto.com\/es\/blog\/como-elegir-la-silla-correcta-para-mi-hijo\/\" \/>\n<meta property=\"og:locale\" content=\"es_ES\" \/>\n<meta property=\"og:type\" content=\"article\" \/>\n<meta property=\"og:title\" content=\"\u00bfC\u00f3mo elegir la silla correcta para mi hijo? - Sillas Auto\" \/>\n<meta property=\"og:description\" content=\"Segun la edad y la estatura del ni\u00f1o en las diferentes etapas de crecimiento desde el nacimiento pasando por diferentes grupos de sillas hasta 10-12 a\u00f1os.\" \/>\n<meta property=\"og:url\" content=\"https:\/\/www.sillasauto.com\/es\/blog\/como-elegir-la-silla-correcta-para-mi-hijo\/\" \/>\n<meta property=\"og:site_name\" content=\"Sillas Auto\" \/>\n<meta property=\"article:published_time\" content=\"2019-04-03T16:46:01+00:00\" \/>\n<meta property=\"article:modified_time\" content=\"2021-11-12T08:47:44+00:00\" \/>\n<meta property=\"og:image\" content=\"https:\/\/www.sillasauto.com\/es\/blog\/wp-content\/uploads\/2019\/04\/baby-safe-2.jpg\" \/>\n<meta name=\"author\" content=\"SillasAuto\" \/>\n<meta name=\"twitter:card\" content=\"summary_large_image\" \/>\n<meta name=\"twitter:label1\" content=\"Escrito por\" \/>\n\t<meta name=\"twitter:data1\" content=\"SillasAuto\" \/>\n\t<meta name=\"twitter:label2\" content=\"Tiempo de lectura\" \/>\n\t<meta name=\"twitter:data2\" content=\"6 minutos\" \/>\n<script type=\"application\/ld+json\" class=\"yoast-schema-graph\">{\"@context\":\"https:\/\/schema.org\",\"@graph\":[{\"@type\":\"WebPage\",\"@id\":\"https:\/\/www.sillasauto.com\/es\/blog\/como-elegir-la-silla-correcta-para-mi-hijo\/\",\"url\":\"https:\/\/www.sillasauto.com\/es\/blog\/como-elegir-la-silla-correcta-para-mi-hijo\/\",\"name\":\"\u00bfC\u00f3mo elegir la silla correcta para mi hijo? - Sillas Auto\",\"isPartOf\":{\"@id\":\"https:\/\/www.sillasauto.com\/es\/blog\/#website\"},\"datePublished\":\"2019-04-03T16:46:01+00:00\",\"dateModified\":\"2021-11-12T08:47:44+00:00\",\"author\":{\"@id\":\"https:\/\/www.sillasauto.com\/es\/blog\/#\/schema\/person\/bdd3cccf02f131b23b428b597eb5039f\"},\"description\":\"Segun la edad y la estatura del ni\u00f1o en las diferentes etapas de crecimiento desde el nacimiento pasando por diferentes grupos de sillas hasta 10-12 a\u00f1os.\",\"breadcrumb\":{\"@id\":\"https:\/\/www.sillasauto.com\/es\/blog\/como-elegir-la-silla-correcta-para-mi-hijo\/#breadcrumb\"},\"inLanguage\":\"es\",\"potentialAction\":[{\"@type\":\"ReadAction\",\"target\":[\"https:\/\/www.sillasauto.com\/es\/blog\/como-elegir-la-silla-correcta-para-mi-hijo\/\"]}]},{\"@type\":\"BreadcrumbList\",\"@id\":\"https:\/\/www.sillasauto.com\/es\/blog\/como-elegir-la-silla-correcta-para-mi-hijo\/#breadcrumb\",\"itemListElement\":[{\"@type\":\"ListItem\",\"position\":1,\"name\":\"Portada\",\"item\":\"https:\/\/www.sillasauto.com\/es\/blog\/\"},{\"@type\":\"ListItem\",\"position\":2,\"name\":\"\u00bfC\u00f3mo elegir la silla correcta para mi hijo?\"}]},{\"@type\":\"WebSite\",\"@id\":\"https:\/\/www.sillasauto.com\/es\/blog\/#website\",\"url\":\"https:\/\/www.sillasauto.com\/es\/blog\/\",\"name\":\"Sillas Auto\",\"description\":\"L\u00edderes en seguridad infantil desde 2003\",\"potentialAction\":[{\"@type\":\"SearchAction\",\"target\":{\"@type\":\"EntryPoint\",\"urlTemplate\":\"https:\/\/www.sillasauto.com\/es\/blog\/?s={search_term_string}\"},\"query-input\":\"required name=search_term_string\"}],\"inLanguage\":\"es\"},{\"@type\":\"Person\",\"@id\":\"https:\/\/www.sillasauto.com\/es\/blog\/#\/schema\/person\/bdd3cccf02f131b23b428b597eb5039f\",\"name\":\"SillasAuto\",\"image\":{\"@type\":\"ImageObject\",\"inLanguage\":\"es\",\"@id\":\"https:\/\/www.sillasauto.com\/es\/blog\/#\/schema\/person\/image\/\",\"url\":\"https:\/\/secure.gravatar.com\/avatar\/b6b1be7b16a5fc7c7147ce65cbfc7d13?s=96&d=mm&r=g\",\"contentUrl\":\"https:\/\/secure.gravatar.com\/avatar\/b6b1be7b16a5fc7c7147ce65cbfc7d13?s=96&d=mm&r=g\",\"caption\":\"SillasAuto\"},\"sameAs\":[\"https:\/\/www.sillasauto.com\/es\/blog\/\"],\"url\":\"https:\/\/www.sillasauto.com\/es\/blog\/author\/sillasauto\/\"}]}<\/script>\n<!-- \/ Yoast SEO plugin. -->","yoast_head_json":{"title":"\u00bfC\u00f3mo elegir la silla correcta para mi hijo? - Sillas Auto","description":"Segun la edad y la estatura del ni\u00f1o en las diferentes etapas de crecimiento desde el nacimiento pasando por diferentes grupos de sillas hasta 10-12 a\u00f1os.","robots":{"index":"index","follow":"follow","max-snippet":"max-snippet:-1","max-image-preview":"max-image-preview:large","max-video-preview":"max-video-preview:-1"},"canonical":"https:\/\/www.sillasauto.com\/es\/blog\/como-elegir-la-silla-correcta-para-mi-hijo\/","og_locale":"es_ES","og_type":"article","og_title":"\u00bfC\u00f3mo elegir la silla correcta para mi hijo? - Sillas Auto","og_description":"Segun la edad y la estatura del ni\u00f1o en las diferentes etapas de crecimiento desde el nacimiento pasando por diferentes grupos de sillas hasta 10-12 a\u00f1os.","og_url":"https:\/\/www.sillasauto.com\/es\/blog\/como-elegir-la-silla-correcta-para-mi-hijo\/","og_site_name":"Sillas Auto","article_published_time":"2019-04-03T16:46:01+00:00","article_modified_time":"2021-11-12T08:47:44+00:00","og_image":[{"url":"https:\/\/www.sillasauto.com\/es\/blog\/wp-content\/uploads\/2019\/04\/baby-safe-2.jpg"}],"author":"SillasAuto","twitter_card":"summary_large_image","twitter_misc":{"Escrito por":"SillasAuto","Tiempo de lectura":"6 minutos"},"schema":{"@context":"https:\/\/schema.org","@graph":[{"@type":"WebPage","@id":"https:\/\/www.sillasauto.com\/es\/blog\/como-elegir-la-silla-correcta-para-mi-hijo\/","url":"https:\/\/www.sillasauto.com\/es\/blog\/como-elegir-la-silla-correcta-para-mi-hijo\/","name":"\u00bfC\u00f3mo elegir la silla correcta para mi hijo? - Sillas Auto","isPartOf":{"@id":"https:\/\/www.sillasauto.com\/es\/blog\/#website"},"datePublished":"2019-04-03T16:46:01+00:00","dateModified":"2021-11-12T08:47:44+00:00","author":{"@id":"https:\/\/www.sillasauto.com\/es\/blog\/#\/schema\/person\/bdd3cccf02f131b23b428b597eb5039f"},"description":"Segun la edad y la estatura del ni\u00f1o en las diferentes etapas de crecimiento desde el nacimiento pasando por diferentes grupos de sillas hasta 10-12 a\u00f1os.","breadcrumb":{"@id":"https:\/\/www.sillasauto.com\/es\/blog\/como-elegir-la-silla-correcta-para-mi-hijo\/#breadcrumb"},"inLanguage":"es","potentialAction":[{"@type":"ReadAction","target":["https:\/\/www.sillasauto.com\/es\/blog\/como-elegir-la-silla-correcta-para-mi-hijo\/"]}]},{"@type":"BreadcrumbList","@id":"https:\/\/www.sillasauto.com\/es\/blog\/como-elegir-la-silla-correcta-para-mi-hijo\/#breadcrumb","itemListElement":[{"@type":"ListItem","position":1,"name":"Portada","item":"https:\/\/www.sillasauto.com\/es\/blog\/"},{"@type":"ListItem","position":2,"name":"\u00bfC\u00f3mo elegir la silla correcta para mi hijo?"}]},{"@type":"WebSite","@id":"https:\/\/www.sillasauto.com\/es\/blog\/#website","url":"https:\/\/www.sillasauto.com\/es\/blog\/","name":"Sillas Auto","description":"L\u00edderes en seguridad infantil desde 2003","potentialAction":[{"@type":"SearchAction","target":{"@type":"EntryPoint","urlTemplate":"https:\/\/www.sillasauto.com\/es\/blog\/?s={search_term_string}"},"query-input":"required name=search_term_string"}],"inLanguage":"es"},{"@type":"Person","@id":"https:\/\/www.sillasauto.com\/es\/blog\/#\/schema\/person\/bdd3cccf02f131b23b428b597eb5039f","name":"SillasAuto","image":{"@type":"ImageObject","inLanguage":"es","@id":"https:\/\/www.sillasauto.com\/es\/blog\/#\/schema\/person\/image\/","url":"https:\/\/secure.gravatar.com\/avatar\/b6b1be7b16a5fc7c7147ce65cbfc7d13?s=96&d=mm&r=g","contentUrl":"https:\/\/secure.gravatar.com\/avatar\/b6b1be7b16a5fc7c7147ce65cbfc7d13?s=96&d=mm&r=g","caption":"SillasAuto"},"sameAs":["https:\/\/www.sillasauto.com\/es\/blog\/"],"url":"https:\/\/www.sillasauto.com\/es\/blog\/author\/sillasauto\/"}]}},"_links":{"self":[{"href":"https:\/\/www.sillasauto.com\/es\/blog\/wp-json\/wp\/v2\/posts\/1302"}],"collection":[{"href":"https:\/\/www.sillasauto.com\/es\/blog\/wp-json\/wp\/v2\/posts"}],"about":[{"href":"https:\/\/www.sillasauto.com\/es\/blog\/wp-json\/wp\/v2\/types\/post"}],"author":[{"embeddable":true,"href":"https:\/\/www.sillasauto.com\/es\/blog\/wp-json\/wp\/v2\/users\/1"}],"replies":[{"embeddable":true,"href":"https:\/\/www.sillasauto.com\/es\/blog\/wp-json\/wp\/v2\/comments?post=1302"}],"version-history":[{"count":50,"href":"https:\/\/www.sillasauto.com\/es\/blog\/wp-json\/wp\/v2\/posts\/1302\/revisions"}],"predecessor-version":[{"id":2351,"href":"https:\/\/www.sillasauto.com\/es\/blog\/wp-json\/wp\/v2\/posts\/1302\/revisions\/2351"}],"wp:attachment":[{"href":"https:\/\/www.sillasauto.com\/es\/blog\/wp-json\/wp\/v2\/media?parent=1302"}],"wp:term":[{"taxonomy":"category","embeddable":true,"href":"https:\/\/www.sillasauto.com\/es\/blog\/wp-json\/wp\/v2\/categories?post=1302"},{"taxonomy":"post_tag","embeddable":true,"href":"https:\/\/www.sillasauto.com\/es\/blog\/wp-json\/wp\/v2\/tags?post=1302"}],"curies":[{"name":"wp","href":"https:\/\/api.w.org\/{rel}","templated":true}]}}